{"id":1046,"date":"2026-03-09T09:52:58","date_gmt":"2026-03-09T09:52:58","guid":{"rendered":"https:\/\/www.aif.org.es\/?p=1046"},"modified":"2026-04-28T09:55:34","modified_gmt":"2026-04-28T09:55:34","slug":"aif-en-las-ii-jornadas-de-psicologia-de-las-islas-baleares","status":"publish","type":"post","link":"https:\/\/www.aif.org.es\/?p=1046","title":{"rendered":"AIF en las II Jornadas de Psicolog\u00eda de las Islas Baleares"},"content":{"rendered":"\n<div class=\"wp-block-columns is-layout-flex wp-container-core-columns-is-layout-9d6595d7 wp-block-columns-is-layout-flex\">\n<div class=\"wp-block-column is-layout-flow wp-block-column-is-layout-flow\">\n<figure class=\"wp-block-image size-large\"><img loading=\"lazy\" decoding=\"async\" width=\"1024\" height=\"768\" src=\"https:\/\/www.aif.org.es\/wp-content\/uploads\/2026\/04\/EQUIPO-JORNADAS-1-1024x768.jpeg\" alt=\"\" class=\"wp-image-1048\" srcset=\"https:\/\/www.aif.org.es\/wp-content\/uploads\/2026\/04\/EQUIPO-JORNADAS-1-1024x768.jpeg 1024w, https:\/\/www.aif.org.es\/wp-content\/uploads\/2026\/04\/EQUIPO-JORNADAS-1-300x225.jpeg 300w, https:\/\/www.aif.org.es\/wp-content\/uploads\/2026\/04\/EQUIPO-JORNADAS-1-768x576.jpeg 768w, https:\/\/www.aif.org.es\/wp-content\/uploads\/2026\/04\/EQUIPO-JORNADAS-1-1536x1152.jpeg 1536w, https:\/\/www.aif.org.es\/wp-content\/uploads\/2026\/04\/EQUIPO-JORNADAS-1-660x495.jpeg 660w, https:\/\/www.aif.org.es\/wp-content\/uploads\/2026\/04\/EQUIPO-JORNADAS-1.jpeg 2048w\" sizes=\"auto, (max-width: 1024px) 100vw, 1024px\" \/><\/figure>\n<\/div>\n\n\n\n<div class=\"wp-block-column is-layout-flow wp-block-column-is-layout-flow\">\n<figure class=\"wp-block-image size-large\"><img loading=\"lazy\" decoding=\"async\" width=\"1024\" height=\"768\" src=\"https:\/\/www.aif.org.es\/wp-content\/uploads\/2026\/04\/INTERVENCION-MAR-JORNADAS--1024x768.jpeg\" alt=\"\" class=\"wp-image-1049\" srcset=\"https:\/\/www.aif.org.es\/wp-content\/uploads\/2026\/04\/INTERVENCION-MAR-JORNADAS--1024x768.jpeg 1024w, https:\/\/www.aif.org.es\/wp-content\/uploads\/2026\/04\/INTERVENCION-MAR-JORNADAS--300x225.jpeg 300w, https:\/\/www.aif.org.es\/wp-content\/uploads\/2026\/04\/INTERVENCION-MAR-JORNADAS--768x576.jpeg 768w, https:\/\/www.aif.org.es\/wp-content\/uploads\/2026\/04\/INTERVENCION-MAR-JORNADAS--1536x1152.jpeg 1536w, https:\/\/www.aif.org.es\/wp-content\/uploads\/2026\/04\/INTERVENCION-MAR-JORNADAS--660x495.jpeg 660w, https:\/\/www.aif.org.es\/wp-content\/uploads\/2026\/04\/INTERVENCION-MAR-JORNADAS-.jpeg 2048w\" sizes=\"auto, (max-width: 1024px) 100vw, 1024px\" \/><\/figure>\n<\/div>\n<\/div>\n\n\n\n<p>Este fin de semana hemos tenido la oportunidad de participar en las II Jornadas de Psicolog\u00eda organizadas por el Colegio Oficial de Psic\u00f3logos de las Islas Baleares.<\/p>\n\n\n\n<p>Buena parte del equipo t\u00e9cnico de AIF asisti\u00f3 a las jornadas y el viernes nuestra corrdinadora Mar Ferre partici\u00f3 en la mesa sobre Diversidad Funcional, donde habl\u00f3 sobre Autismo en las mujeres adultas <img loading=\"lazy\" decoding=\"async\" height=\"16\" width=\"16\" alt=\"\ud83d\udc9c\" src=\"https:\/\/static.xx.fbcdn.net\/images\/emoji.php\/v9\/t96\/1\/16\/1f49c.png\"><\/p>\n\n\n\n<p>Gracias al <a href=\"https:\/\/www.facebook.com\/COPIB?__cft__[0]=AZYC4zNY7tlKf0pJkElidBbMy4tNXcmsAqLw_7T6WoZGyEgCT8kGCLM8zDqWCwc8gxeZU85oiTJxokUp3e6gZ2rVh0BV1rLvDqvM32NFVjd-LdPSbPPnhB0wER8pOZSDUlQB0ZvM3mx2uBWFRt35nWP_sgMYKzHA8IU9p1Ch7jWl2z3AQEws0jvXiw0guLryBFk&amp;__tn__=-]K-R\">COPIB &#8211; Col\u00b7legi Ofic. de Psicologia de les Illes Balears<\/a> por la organizaci\u00f3n de las jornadas. Fueron todo un \u00e9xito! <img loading=\"lazy\" decoding=\"async\" height=\"16\" width=\"16\" alt=\"\ud83d\ude04\" src=\"https:\/\/static.xx.fbcdn.net\/images\/emoji.php\/v9\/td2\/1\/16\/1f604.png\"><\/p>\n","protected":false},"excerpt":{"rendered":"<p>Este fin de semana hemos tenido la oportunidad de participar en las II Jornadas de Psicolog\u00eda organizadas por el Colegio Oficial de Psic\u00f3logos de las Islas Baleares. Buena parte del equipo t\u00e9cnico de AIF asisti\u00f3 a las jornadas y el viernes nuestra corrdinadora Mar Ferre partici\u00f3 en la mesa sobre Diversidad Funcional, donde habl\u00f3 sobre\u2026 <span class=\"read-more\"><a href=\"https:\/\/www.aif.org.es\/?p=1046\">Leer m\u00e1s &raquo;<\/a><\/span><\/p>\n","protected":false},"author":1,"featured_media":0,"comment_status":"open","ping_status":"open","sticky":false,"template":"","format":"standard","meta":{"footnotes":""},"categories":[1],"tags":[],"class_list":["post-1046","post","type-post","status-publish","format-standard","hentry","category-sin-categoria"],"_links":{"self":[{"href":"https:\/\/www.aif.org.es\/index.php?rest_route=\/wp\/v2\/posts\/1046","targetHints":{"allow":["GET"]}}],"collection":[{"href":"https:\/\/www.aif.org.es\/index.php?rest_route=\/wp\/v2\/posts"}],"about":[{"href":"https:\/\/www.aif.org.es\/index.php?rest_route=\/wp\/v2\/types\/post"}],"author":[{"embeddable":true,"href":"https:\/\/www.aif.org.es\/index.php?rest_route=\/wp\/v2\/users\/1"}],"replies":[{"embeddable":true,"href":"https:\/\/www.aif.org.es\/index.php?rest_route=%2Fwp%2Fv2%2Fcomments&post=1046"}],"version-history":[{"count":1,"href":"https:\/\/www.aif.org.es\/index.php?rest_route=\/wp\/v2\/posts\/1046\/revisions"}],"predecessor-version":[{"id":1050,"href":"https:\/\/www.aif.org.es\/index.php?rest_route=\/wp\/v2\/posts\/1046\/revisions\/1050"}],"wp:attachment":[{"href":"https:\/\/www.aif.org.es\/index.php?rest_route=%2Fwp%2Fv2%2Fmedia&parent=1046"}],"wp:term":[{"taxonomy":"category","embeddable":true,"href":"https:\/\/www.aif.org.es\/index.php?rest_route=%2Fwp%2Fv2%2Fcategories&post=1046"},{"taxonomy":"post_tag","embeddable":true,"href":"https:\/\/www.aif.org.es\/index.php?rest_route=%2Fwp%2Fv2%2Ftags&post=1046"}],"curies":[{"name":"wp","href":"https:\/\/api.w.org\/{rel}","templated":true}]}}