{"id":1043,"date":"2026-02-20T09:35:00","date_gmt":"2026-02-20T09:35:00","guid":{"rendered":"https:\/\/www.aif.org.es\/?p=1043"},"modified":"2026-04-28T09:40:40","modified_gmt":"2026-04-28T09:40:40","slug":"premio-aif-a-las-buenas-practicas-para-el-proyecto-picto-san-antoni-del-ceip-can-coix","status":"publish","type":"post","link":"https:\/\/www.aif.org.es\/?p=1043","title":{"rendered":"Premio AIF a las Buenas Pr\u00e1cticas para el proyecto PICTO SAN ANTONI  del CEIP Can Coix."},"content":{"rendered":"\n<figure class=\"wp-block-image size-large is-resized\"><img loading=\"lazy\" decoding=\"async\" width=\"1024\" height=\"768\" src=\"https:\/\/www.aif.org.es\/wp-content\/uploads\/2026\/04\/WhatsApp-Image-2026-02-18-at-11.56.13-1-1024x768.jpeg\" alt=\"\" class=\"wp-image-1044\" style=\"width:460px;height:auto\" srcset=\"https:\/\/www.aif.org.es\/wp-content\/uploads\/2026\/04\/WhatsApp-Image-2026-02-18-at-11.56.13-1-1024x768.jpeg 1024w, https:\/\/www.aif.org.es\/wp-content\/uploads\/2026\/04\/WhatsApp-Image-2026-02-18-at-11.56.13-1-300x225.jpeg 300w, https:\/\/www.aif.org.es\/wp-content\/uploads\/2026\/04\/WhatsApp-Image-2026-02-18-at-11.56.13-1-768x576.jpeg 768w, https:\/\/www.aif.org.es\/wp-content\/uploads\/2026\/04\/WhatsApp-Image-2026-02-18-at-11.56.13-1-1536x1152.jpeg 1536w, https:\/\/www.aif.org.es\/wp-content\/uploads\/2026\/04\/WhatsApp-Image-2026-02-18-at-11.56.13-1-660x495.jpeg 660w, https:\/\/www.aif.org.es\/wp-content\/uploads\/2026\/04\/WhatsApp-Image-2026-02-18-at-11.56.13-1.jpeg 1984w\" sizes=\"auto, (max-width: 1024px) 100vw, 1024px\" \/><\/figure>\n\n\n\n<p>El d\u00eda 18, D\u00eda Internacional del Asperger, entregamos el galard\u00f3n que anualmente reconoce a entidades o personas con una especial sensibilidad hacia el colectivo. En esta ocasi\u00f3n el premio es para el proyecto PictoSantAntoni, una idea impulsada por el alumnado del CEIP Can Coix que cuenta con el decidido apoyo del Ayuntamiento de la localidad.<\/p>\n\n\n\n<p>Como recordaba recientemente el consistorio portmany\u00ed, muchos ni\u00f1os y ni\u00f1as con TEA no utilizan lenguaje verbal y dependen de los pictogramas para comunicarse con los dem\u00e1s, tanto dentro del aula como en otros espacios del centro. Sin embargo, fuera del entorno escolar, no encuentran estos s\u00edmbolos en los espacios p\u00fablicos, lo que dificulta su interacci\u00f3n y comprensi\u00f3n del entorno.<\/p>\n\n\n\n<p>El proyecto \u2018Picto\u2019 tiene como objetivo crear un sistema de se\u00f1alizaci\u00f3n con pictogramas en diversos espacios del municipio, comenzando en el centro educativo. Los pictogramas son im\u00e1genes simples que representan objetos, acciones o conceptos, facilitando la comunicaci\u00f3n sin necesidad de palabras, lo que resulta especialmente \u00fatil para las personas con TEA.<\/p>\n\n\n\n<p>A trav\u00e9s de tres fases, el proyecto incluye la creaci\u00f3n de pictogramas para los espacios del CEIP Can Coix, carteles se\u00f1alizadores en los espacios deportivos cercanos, y finalmente, la instalaci\u00f3n de pictogramas en diversos puntos p\u00fablicos del municipio, como la Biblicoteca, Espai Jove, Polic\u00eda Local, Servicios Sociales o el Ayuntamiento, entre otros. Adem\u00e1s, se invita a los comercios locales a sumarse a la iniciativa e incorporar esta se\u00f1alizaci\u00f3n en sus establecimientos.<\/p>\n\n\n\n<p>Este premio se entreg\u00f3 en el instituto Quart\u00f3 de Portmany a los ni\u00f1os y ni\u00f1as que el curso pasado participaron en todo el desarrollo del proyecto. <\/p>\n","protected":false},"excerpt":{"rendered":"<p>El d\u00eda 18, D\u00eda Internacional del Asperger, entregamos el galard\u00f3n que anualmente reconoce a entidades o personas con una especial sensibilidad hacia el colectivo. En esta ocasi\u00f3n el premio es para el proyecto PictoSantAntoni, una idea impulsada por el alumnado del CEIP Can Coix que cuenta con el decidido apoyo del Ayuntamiento de la localidad.\u2026 <span class=\"read-more\"><a href=\"https:\/\/www.aif.org.es\/?p=1043\">Leer m\u00e1s &raquo;<\/a><\/span><\/p>\n","protected":false},"author":1,"featured_media":0,"comment_status":"open","ping_status":"open","sticky":false,"template":"","format":"standard","meta":{"footnotes":""},"categories":[1],"tags":[],"class_list":["post-1043","post","type-post","status-publish","format-standard","hentry","category-sin-categoria"],"_links":{"self":[{"href":"https:\/\/www.aif.org.es\/index.php?rest_route=\/wp\/v2\/posts\/1043","targetHints":{"allow":["GET"]}}],"collection":[{"href":"https:\/\/www.aif.org.es\/index.php?rest_route=\/wp\/v2\/posts"}],"about":[{"href":"https:\/\/www.aif.org.es\/index.php?rest_route=\/wp\/v2\/types\/post"}],"author":[{"embeddable":true,"href":"https:\/\/www.aif.org.es\/index.php?rest_route=\/wp\/v2\/users\/1"}],"replies":[{"embeddable":true,"href":"https:\/\/www.aif.org.es\/index.php?rest_route=%2Fwp%2Fv2%2Fcomments&post=1043"}],"version-history":[{"count":1,"href":"https:\/\/www.aif.org.es\/index.php?rest_route=\/wp\/v2\/posts\/1043\/revisions"}],"predecessor-version":[{"id":1045,"href":"https:\/\/www.aif.org.es\/index.php?rest_route=\/wp\/v2\/posts\/1043\/revisions\/1045"}],"wp:attachment":[{"href":"https:\/\/www.aif.org.es\/index.php?rest_route=%2Fwp%2Fv2%2Fmedia&parent=1043"}],"wp:term":[{"taxonomy":"category","embeddable":true,"href":"https:\/\/www.aif.org.es\/index.php?rest_route=%2Fwp%2Fv2%2Fcategories&post=1043"},{"taxonomy":"post_tag","embeddable":true,"href":"https:\/\/www.aif.org.es\/index.php?rest_route=%2Fwp%2Fv2%2Ftags&post=1043"}],"curies":[{"name":"wp","href":"https:\/\/api.w.org\/{rel}","templated":true}]}}