{"id":1037,"date":"2026-01-30T09:28:00","date_gmt":"2026-01-30T09:28:00","guid":{"rendered":"https:\/\/www.aif.org.es\/?p=1037"},"modified":"2026-04-28T09:31:12","modified_gmt":"2026-04-28T09:31:12","slug":"nuestro-podcast-personas-diferentes-ya-tiene-4-episiodios-hablando-sobre-tea","status":"publish","type":"post","link":"https:\/\/www.aif.org.es\/?p=1037","title":{"rendered":"Nuestro podcast \u00abPersonas Diferentes\u00bb ya tiene 4 episiodios: Hablando sobre TEA."},"content":{"rendered":"\n<div class=\"wp-block-columns is-layout-flex wp-container-core-columns-is-layout-9d6595d7 wp-block-columns-is-layout-flex\">\n<div class=\"wp-block-column is-layout-flow wp-block-column-is-layout-flow\" style=\"flex-basis:33.33%\">\n<p>En el cuarto episodio de \u00abPersonas diferentes\u00bb varias personas de AIF hablan sobre TEA, sobre sus experiencias en relaci\u00f3n al diagn\u00f3stico y sobre sus vivencias. Gracias por compartirlas con nosotros!<\/p>\n<\/div>\n\n\n\n<div class=\"wp-block-column is-layout-flow wp-block-column-is-layout-flow\" style=\"flex-basis:66.66%\">\n<figure class=\"wp-block-image size-large\"><img loading=\"lazy\" decoding=\"async\" width=\"1024\" height=\"461\" src=\"https:\/\/www.aif.org.es\/wp-content\/uploads\/2026\/04\/PODCAST-1-1024x461.jpeg\" alt=\"\" class=\"wp-image-1038\" srcset=\"https:\/\/www.aif.org.es\/wp-content\/uploads\/2026\/04\/PODCAST-1-1024x461.jpeg 1024w, https:\/\/www.aif.org.es\/wp-content\/uploads\/2026\/04\/PODCAST-1-300x135.jpeg 300w, https:\/\/www.aif.org.es\/wp-content\/uploads\/2026\/04\/PODCAST-1-768x346.jpeg 768w, https:\/\/www.aif.org.es\/wp-content\/uploads\/2026\/04\/PODCAST-1-1536x691.jpeg 1536w, https:\/\/www.aif.org.es\/wp-content\/uploads\/2026\/04\/PODCAST-1-660x297.jpeg 660w, https:\/\/www.aif.org.es\/wp-content\/uploads\/2026\/04\/PODCAST-1.jpeg 2000w\" sizes=\"auto, (max-width: 1024px) 100vw, 1024px\" \/><\/figure>\n<\/div>\n<\/div>\n\n\n\n<p>Gracias a la Fundaci\u00f3n La Caixa por el apoyo que recibimos para llevar a cabo esta actividad. <\/p>\n\n\n\n<p>Aqu\u00ed pod\u00e9is escuchar el episodio: <\/p>\n\n\n\n<figure class=\"wp-block-embed is-type-video is-provider-youtube wp-block-embed-youtube wp-embed-aspect-16-9 wp-has-aspect-ratio\"><div class=\"wp-block-embed__wrapper\">\n<iframe loading=\"lazy\" title=\"EPISODIO 4: Hablamos sobre tea\" width=\"665\" height=\"374\" src=\"https:\/\/www.youtube.com\/embed\/o6Ayyo91IUo?start=3&#038;feature=oembed\" frameborder=\"0\" allow=\"accelerometer; autoplay; clipboard-write; encrypted-media; gyroscope; picture-in-picture; web-share\" referrerpolicy=\"strict-origin-when-cross-origin\" allowfullscreen><\/iframe>\n<\/div><\/figure>\n\n\n\n<p><\/p>\n","protected":false},"excerpt":{"rendered":"<p>En el cuarto episodio de \u00abPersonas diferentes\u00bb varias personas de AIF hablan sobre TEA, sobre sus experiencias en relaci\u00f3n al diagn\u00f3stico y sobre sus vivencias. Gracias por compartirlas con nosotros! Gracias a la Fundaci\u00f3n La Caixa por el apoyo que recibimos para llevar a cabo esta actividad. Aqu\u00ed pod\u00e9is escuchar el episodio:<\/p>\n","protected":false},"author":1,"featured_media":0,"comment_status":"open","ping_status":"open","sticky":false,"template":"","format":"standard","meta":{"footnotes":""},"categories":[1],"tags":[],"class_list":["post-1037","post","type-post","status-publish","format-standard","hentry","category-sin-categoria"],"_links":{"self":[{"href":"https:\/\/www.aif.org.es\/index.php?rest_route=\/wp\/v2\/posts\/1037","targetHints":{"allow":["GET"]}}],"collection":[{"href":"https:\/\/www.aif.org.es\/index.php?rest_route=\/wp\/v2\/posts"}],"about":[{"href":"https:\/\/www.aif.org.es\/index.php?rest_route=\/wp\/v2\/types\/post"}],"author":[{"embeddable":true,"href":"https:\/\/www.aif.org.es\/index.php?rest_route=\/wp\/v2\/users\/1"}],"replies":[{"embeddable":true,"href":"https:\/\/www.aif.org.es\/index.php?rest_route=%2Fwp%2Fv2%2Fcomments&post=1037"}],"version-history":[{"count":1,"href":"https:\/\/www.aif.org.es\/index.php?rest_route=\/wp\/v2\/posts\/1037\/revisions"}],"predecessor-version":[{"id":1039,"href":"https:\/\/www.aif.org.es\/index.php?rest_route=\/wp\/v2\/posts\/1037\/revisions\/1039"}],"wp:attachment":[{"href":"https:\/\/www.aif.org.es\/index.php?rest_route=%2Fwp%2Fv2%2Fmedia&parent=1037"}],"wp:term":[{"taxonomy":"category","embeddable":true,"href":"https:\/\/www.aif.org.es\/index.php?rest_route=%2Fwp%2Fv2%2Fcategories&post=1037"},{"taxonomy":"post_tag","embeddable":true,"href":"https:\/\/www.aif.org.es\/index.php?rest_route=%2Fwp%2Fv2%2Ftags&post=1037"}],"curies":[{"name":"wp","href":"https:\/\/api.w.org\/{rel}","templated":true}]}}