{"id":1031,"date":"2025-12-19T09:10:00","date_gmt":"2025-12-19T09:10:00","guid":{"rendered":"https:\/\/www.aif.org.es\/?p=1031"},"modified":"2026-04-28T09:13:02","modified_gmt":"2026-04-28T09:13:02","slug":"ya-tenemos-la-tarjeta-ganadora-de-nuestro-concurso-navideno-de-postales","status":"publish","type":"post","link":"https:\/\/www.aif.org.es\/?p=1031","title":{"rendered":"Ya tenemos la tarjeta ganadora de nuestro concurso navide\u00f1o de postales"},"content":{"rendered":"\n<p>\u00abNo perdamos la ilusi\u00f3n en Navidad, porque los que ya no est\u00e1n fueron los que nos ense\u00f1aron a vivirla\u00bb.<\/p>\n\n\n\n<p>Con este mensaje de Candela, nuestra ganadora, os deseamos felices fiestas y que el 2026 venga cargado de cosas buenas.<\/p>\n\n\n\n<p>Nuestra lista de deseos: m\u00e1s derechos para las personas con discapacidad, m\u00e1s inclusi\u00f3n en nuestra sociedad, y sobre todo, menos situaciones de discriminaci\u00f3n y acoso.<\/p>\n\n\n\n<p>Por \u00faltimo, os recordamos que Asperger Ibiza y Formentera permanecer\u00e1 cerrada a partir de ma\u00f1ana hasta el 7 de enero.<\/p>\n\n\n\n<figure class=\"wp-block-image size-full\"><img loading=\"lazy\" decoding=\"async\" width=\"512\" height=\"640\" src=\"https:\/\/www.aif.org.es\/wp-content\/uploads\/2026\/04\/image-1.png\" alt=\"\" class=\"wp-image-1032\" srcset=\"https:\/\/www.aif.org.es\/wp-content\/uploads\/2026\/04\/image-1.png 512w, https:\/\/www.aif.org.es\/wp-content\/uploads\/2026\/04\/image-1-240x300.png 240w\" sizes=\"auto, (max-width: 512px) 100vw, 512px\" \/><\/figure>\n","protected":false},"excerpt":{"rendered":"<p>\u00abNo perdamos la ilusi\u00f3n en Navidad, porque los que ya no est\u00e1n fueron los que nos ense\u00f1aron a vivirla\u00bb. Con este mensaje de Candela, nuestra ganadora, os deseamos felices fiestas y que el 2026 venga cargado de cosas buenas. Nuestra lista de deseos: m\u00e1s derechos para las personas con discapacidad, m\u00e1s inclusi\u00f3n en nuestra sociedad,\u2026 <span class=\"read-more\"><a href=\"https:\/\/www.aif.org.es\/?p=1031\">Leer m\u00e1s &raquo;<\/a><\/span><\/p>\n","protected":false},"author":1,"featured_media":0,"comment_status":"open","ping_status":"open","sticky":false,"template":"","format":"standard","meta":{"footnotes":""},"categories":[1],"tags":[],"class_list":["post-1031","post","type-post","status-publish","format-standard","hentry","category-sin-categoria"],"_links":{"self":[{"href":"https:\/\/www.aif.org.es\/index.php?rest_route=\/wp\/v2\/posts\/1031","targetHints":{"allow":["GET"]}}],"collection":[{"href":"https:\/\/www.aif.org.es\/index.php?rest_route=\/wp\/v2\/posts"}],"about":[{"href":"https:\/\/www.aif.org.es\/index.php?rest_route=\/wp\/v2\/types\/post"}],"author":[{"embeddable":true,"href":"https:\/\/www.aif.org.es\/index.php?rest_route=\/wp\/v2\/users\/1"}],"replies":[{"embeddable":true,"href":"https:\/\/www.aif.org.es\/index.php?rest_route=%2Fwp%2Fv2%2Fcomments&post=1031"}],"version-history":[{"count":1,"href":"https:\/\/www.aif.org.es\/index.php?rest_route=\/wp\/v2\/posts\/1031\/revisions"}],"predecessor-version":[{"id":1033,"href":"https:\/\/www.aif.org.es\/index.php?rest_route=\/wp\/v2\/posts\/1031\/revisions\/1033"}],"wp:attachment":[{"href":"https:\/\/www.aif.org.es\/index.php?rest_route=%2Fwp%2Fv2%2Fmedia&parent=1031"}],"wp:term":[{"taxonomy":"category","embeddable":true,"href":"https:\/\/www.aif.org.es\/index.php?rest_route=%2Fwp%2Fv2%2Fcategories&post=1031"},{"taxonomy":"post_tag","embeddable":true,"href":"https:\/\/www.aif.org.es\/index.php?rest_route=%2Fwp%2Fv2%2Ftags&post=1031"}],"curies":[{"name":"wp","href":"https:\/\/api.w.org\/{rel}","templated":true}]}}