{"id":1028,"date":"2025-11-25T09:05:00","date_gmt":"2025-11-25T09:05:00","guid":{"rendered":"https:\/\/www.aif.org.es\/?p=1028"},"modified":"2026-04-28T09:10:26","modified_gmt":"2026-04-28T09:10:26","slug":"asistimos-al-vii-congreso-internacional-universidad-y-discapacidad-en-granada","status":"publish","type":"post","link":"https:\/\/www.aif.org.es\/?p=1028","title":{"rendered":"Asistimos al VII CONGRESO INTERNACIONAL UNIVERSIDAD Y DISCAPACIDAD en Granada"},"content":{"rendered":"\n<p>La semana pasada tuvimos la suerte de participar en el Congreso Internacional de Universidad y Discapacidad que se celebr\u00f3 en Granada, organizado por <a href=\"https:\/\/www.facebook.com\/fundaciononce?__cft__[0]=AZaQeAyaYwsWsTI3gDKh6Pml7uWA3de459106ej4u5VHtYi-f4dc9lZdvD_-VMeC76u4AQd2Jdjx6KFHHSoTVwGjQlOej9eafD8jsNEjU1U5zTLxej5DUyzZhhqaFjZapY8K8XovCQm3zIvWUxkiYz6-ysX8PubQLh03sK31ayLf0uU_g5dUADKVyx02Sgi5psg&amp;__tn__=-]K-R\">Fundaci\u00f3n ONCE<\/a>.<\/p>\n\n\n\n<p>Cada vez hay m\u00e1s estudiantes con discapacidad que acceden a la universidad. En concreto, las personas en el espectro del autismo son la poblaci\u00f3n que m\u00e1s ha aumentado en los \u00faltimos a\u00f1os.<\/p>\n\n\n\n<p>Compartimos con las compa\u00f1eras de <a href=\"https:\/\/www.facebook.com\/tea.menorca?__cft__[0]=AZaQeAyaYwsWsTI3gDKh6Pml7uWA3de459106ej4u5VHtYi-f4dc9lZdvD_-VMeC76u4AQd2Jdjx6KFHHSoTVwGjQlOej9eafD8jsNEjU1U5zTLxej5DUyzZhhqaFjZapY8K8XovCQm3zIvWUxkiYz6-ysX8PubQLh03sK31ayLf0uU_g5dUADKVyx02Sgi5psg&amp;__tn__=-]K-R\">Tea Menorca<\/a> los d\u00edas de congreso. Aprevechamos para hablar con muchas personas y aprender todo lo que se est\u00e1 haciendo por la inclusi\u00f3n educativa del alumnado con discapacidad en las universidades de todo el mundo.<\/p>\n\n\n\n<p>Una gran experiencia para el equipo t\u00e9cnico de AIF que est\u00e1 en constante formaci\u00f3n.<\/p>\n\n\n\n<figure class=\"wp-block-image size-full\"><img loading=\"lazy\" decoding=\"async\" width=\"590\" height=\"443\" src=\"https:\/\/www.aif.org.es\/wp-content\/uploads\/2026\/04\/image.png\" alt=\"\" class=\"wp-image-1029\" srcset=\"https:\/\/www.aif.org.es\/wp-content\/uploads\/2026\/04\/image.png 590w, https:\/\/www.aif.org.es\/wp-content\/uploads\/2026\/04\/image-300x225.png 300w\" sizes=\"auto, (max-width: 590px) 100vw, 590px\" \/><\/figure>\n","protected":false},"excerpt":{"rendered":"<p>La semana pasada tuvimos la suerte de participar en el Congreso Internacional de Universidad y Discapacidad que se celebr\u00f3 en Granada, organizado por Fundaci\u00f3n ONCE. Cada vez hay m\u00e1s estudiantes con discapacidad que acceden a la universidad. En concreto, las personas en el espectro del autismo son la poblaci\u00f3n que m\u00e1s ha aumentado en los\u2026 <span class=\"read-more\"><a href=\"https:\/\/www.aif.org.es\/?p=1028\">Leer m\u00e1s &raquo;<\/a><\/span><\/p>\n","protected":false},"author":1,"featured_media":0,"comment_status":"open","ping_status":"open","sticky":false,"template":"","format":"standard","meta":{"footnotes":""},"categories":[1],"tags":[],"class_list":["post-1028","post","type-post","status-publish","format-standard","hentry","category-sin-categoria"],"_links":{"self":[{"href":"https:\/\/www.aif.org.es\/index.php?rest_route=\/wp\/v2\/posts\/1028","targetHints":{"allow":["GET"]}}],"collection":[{"href":"https:\/\/www.aif.org.es\/index.php?rest_route=\/wp\/v2\/posts"}],"about":[{"href":"https:\/\/www.aif.org.es\/index.php?rest_route=\/wp\/v2\/types\/post"}],"author":[{"embeddable":true,"href":"https:\/\/www.aif.org.es\/index.php?rest_route=\/wp\/v2\/users\/1"}],"replies":[{"embeddable":true,"href":"https:\/\/www.aif.org.es\/index.php?rest_route=%2Fwp%2Fv2%2Fcomments&post=1028"}],"version-history":[{"count":1,"href":"https:\/\/www.aif.org.es\/index.php?rest_route=\/wp\/v2\/posts\/1028\/revisions"}],"predecessor-version":[{"id":1030,"href":"https:\/\/www.aif.org.es\/index.php?rest_route=\/wp\/v2\/posts\/1028\/revisions\/1030"}],"wp:attachment":[{"href":"https:\/\/www.aif.org.es\/index.php?rest_route=%2Fwp%2Fv2%2Fmedia&parent=1028"}],"wp:term":[{"taxonomy":"category","embeddable":true,"href":"https:\/\/www.aif.org.es\/index.php?rest_route=%2Fwp%2Fv2%2Fcategories&post=1028"},{"taxonomy":"post_tag","embeddable":true,"href":"https:\/\/www.aif.org.es\/index.php?rest_route=%2Fwp%2Fv2%2Ftags&post=1028"}],"curies":[{"name":"wp","href":"https:\/\/api.w.org\/{rel}","templated":true}]}}